{"id":186,"date":"2021-09-18T12:29:43","date_gmt":"2021-09-18T10:29:43","guid":{"rendered":"https:\/\/bawue.humanistische-union.de\/?post_type=presse&#038;p=186"},"modified":"2021-09-24T11:05:11","modified_gmt":"2021-09-24T09:05:11","slug":"aktionswoche-verfassungsschutz","status":"publish","type":"presse","link":"https:\/\/bawue.humanistische-union.de\/pressemeldungen\/aktionswoche-verfassungsschutz\/","title":{"rendered":"Verfassungsschutz \u2013 Fremdk\u00f6rper in der Demokratie"},"content":{"rendered":"<p><img loading=\"lazy\" decoding=\"async\" width=\"272\" height=\"450\" class=\"size-medium wp-image-193 alignright\" style=\"float: right;padding-left: 2mm\" src=\"https:\/\/bawue.humanistische-union.de\/wp-content\/uploads\/sites\/3\/2021\/09\/verfassungsschutz-ausstellung-vortraege-e1631961127462-272x450.png\" alt=\"\" srcset=\"https:\/\/bawue.humanistische-union.de\/wp-content\/uploads\/sites\/3\/2021\/09\/verfassungsschutz-ausstellung-vortraege-e1631961127462-272x450.png 272w, https:\/\/bawue.humanistische-union.de\/wp-content\/uploads\/sites\/3\/2021\/09\/verfassungsschutz-ausstellung-vortraege-e1631961127462-453x750.png 453w, https:\/\/bawue.humanistische-union.de\/wp-content\/uploads\/sites\/3\/2021\/09\/verfassungsschutz-ausstellung-vortraege-e1631961127462-768x1271.png 768w, https:\/\/bawue.humanistische-union.de\/wp-content\/uploads\/sites\/3\/2021\/09\/verfassungsschutz-ausstellung-vortraege-e1631961127462-362x600.png 362w, https:\/\/bawue.humanistische-union.de\/wp-content\/uploads\/sites\/3\/2021\/09\/verfassungsschutz-ausstellung-vortraege-e1631961127462-204x337.png 204w, https:\/\/bawue.humanistische-union.de\/wp-content\/uploads\/sites\/3\/2021\/09\/verfassungsschutz-ausstellung-vortraege-e1631961127462.png 804w\" sizes=\"auto, (max-width: 272px) 100vw, 272px\" \/>Vom 3. bis zum 8. Oktober zeigen wir in Freiburg die Ausstellung \u201eVersagen mit System\u201c, die sich mit der Geschichte und dem Wirken des Verfassungsschutzes befasst. Als Rahmenprogramm finden zwischen dem 20. September und dem 8. Oktober f\u00fcnf Veranstaltungen statt, die verschiedene Aspekte des Themas \u201eVerfassungschutz \u2013 Fremdk\u00f6rper in der Demokratie\u201c beleuchten.<\/p>\n<p><em>Bitte beachten Sie die aktuelle <a href=\"https:\/\/www.freiburg.de\/pb\/1615769.html\">Corona-Verordnung<\/a> des Landes Baden-W\u00fcrttemberg. Zum Besuch der Ausstellung und der Veranstaltungen ist ein aktueller 3G-Nachweis erforderlich. Au\u00dferdem m\u00fcssen Sie eine Maske tragen und Ihre Kontaktdaten hinterlassen.<\/em><\/p>\n<h3>Aktuelles<\/h3>\n<p><em>24. September:<\/em> Leider musste Silvia Gingold f\u00fcr den Vortrag \u201eAntifaschismus im Visier des Verfassungsschutzes\u201c absagen. Die Veranstaltung findet trotzdem wie angek\u00fcndigt statt.<\/p>\n<h3>Veranstaltungen<\/h3>\n<ul>\n<li><a href=\"https:\/\/bawue.humanistische-union.de\/veranstaltungen\/2021\/wen-oder-was-schuetzt-der-verfassungsschutz\/\">Wen oder was sch\u00fctzt der Verfassungsschutz?<\/a> \u2013 Vortrag von Martin Kutscha am 20. September 2021<\/li>\n<li><a href=\"https:\/\/bawue.humanistische-union.de\/veranstaltungen\/2021\/die-schuetzende-hand\/\">Die sch\u00fctzende Hand<\/a> \u2013 Lesung von Wolfgang Schorlau am 4. Oktober 2021<\/li>\n<li><a href=\"https:\/\/bawue.humanistische-union.de\/veranstaltungen\/2021\/freiburg-verfassungsschutzfreie-zone\/\">Freiburg \u2013 Verfassungsschutzfreie Zone<\/a> \u2013 Vortrag von Michael Moos und Udo Kau\u00df am 5. Oktober 2021<\/li>\n<li><a href=\"https:\/\/bawue.humanistische-union.de\/veranstaltungen\/2021\/antifaschismus-im-visier-des-verfassungsschutzes\/\">Antifaschismus im Visier des Verfassungsschutzes<\/a> \u2013 Vortrag von Cornelia Kerth am 6. Oktober 2021<\/li>\n<li><a href=\"https:\/\/bawue.humanistische-union.de\/veranstaltungen\/2021\/verfassungsschutz-fremdkoerper-in-der-demokratie\/\">Verfassungsschutz \u2013 Fremdk\u00f6rper in der Demokratie<\/a> \u2013 Vortrag von Rolf G\u00f6ssner am 8. Oktober 2021<\/li>\n<\/ul>\n<p>Der Eintritt zur Ausstellung und zu den Veranstaltungen ist frei. Um Spenden wird gebeten. Ein eventueller Spenden\u00fcberschuss flie\u00dft an die Initiative 50 Jahre Radikalenerlass.<\/p>\n<h3>Ausstellung<\/h3>\n<p><img loading=\"lazy\" decoding=\"async\" width=\"600\" height=\"400\" class=\"alignnone size-medium wp-image-211\" style=\"float: right;padding-left: 5mm;width: 300px\" src=\"http:\/\/bawue.humanistische-union.de\/wp-content\/uploads\/sites\/3\/2021\/09\/versagenmitsystem-600x400.jpeg\" alt=\"\" srcset=\"https:\/\/bawue.humanistische-union.de\/wp-content\/uploads\/sites\/3\/2021\/09\/versagenmitsystem-600x400.jpeg 600w, https:\/\/bawue.humanistische-union.de\/wp-content\/uploads\/sites\/3\/2021\/09\/versagenmitsystem-768x513.jpeg 768w, https:\/\/bawue.humanistische-union.de\/wp-content\/uploads\/sites\/3\/2021\/09\/versagenmitsystem-800x534.jpeg 800w, https:\/\/bawue.humanistische-union.de\/wp-content\/uploads\/sites\/3\/2021\/09\/versagenmitsystem-450x300.jpeg 450w, https:\/\/bawue.humanistische-union.de\/wp-content\/uploads\/sites\/3\/2021\/09\/versagenmitsystem.jpeg 980w\" sizes=\"auto, (max-width: 600px) 100vw, 600px\" \/>Vom 4. bis zum 8. Oktober zeigen wir die Ausstellung \u201eVersagen mit System\u201c t\u00e4glich von 17 bis 19 Uhr sowie nach den Veranstaltungen (ab ca. 21 Uhr) im Weingut Andreas Dilger (<a href=\"https:\/\/www.openstreetmap.org\/way\/286192313\">Urachstra\u00dfe 3, 79102 Freiburg<\/a>). Die Vernissage findet am 3. Oktober von 11 bis 13 Uhr, ebenso im Weingut Andreas Dilger, statt.<\/p>\n<p>Der Verfassungsschutz (VS) gilt als \u201eFr\u00fchwarnsystem\u201c gegen Bedrohungen der verfassungsm\u00e4\u00dfigen Ordnung in der Bundesrepublik. Seit der Gr\u00fcndung der<br \/>\nVS-\u00c4mter werden jedoch immer wieder Skandale, Kompetenz\u00fcberschreitungen und Grundrechtsverletzungen bekannt. Im November 2018 musste der damalige Pr\u00e4sident des VS, Hans-Georg Maa\u00dfen, seinen Hut nehmen, nachdem er sich rechter Verschw\u00f6rungstheorien bedient hatte. Sp\u00e4testens mit der Selbstenttarnung des Terrornetzwerks Nationalsozialistischer Untergrund (NSU) ist deutlich geworden: Der VS hat als Fr\u00fchwarnsystem versagt.<\/p>\n<p>Aff\u00e4ren des VS werden in den \u00f6ffentlichen Debatten oft als Pannen behandelt und geraten schnell wieder in Vergessenheit. Eine Betrachtung \u00fcber einzelne F\u00e4lle hinaus zeigt jedoch, dass sich bestimmte Muster wiederholen. Tats\u00e4chliche Bedrohungen f\u00fcr die Demokratie, etwa durch militante Neonazis, verfolgt die Beh\u00f6rde nur ungen\u00fcgend. Gleichzeitig werden an anderen Stellen Gefahren konstruiert, etwa wenn der VS es als seine Aufgabe betrachtet, linke Punkbands zu \u00fcberwachen.<\/p>\n<p>Die Fokussierung der Beh\u00f6rde auf die Beobachtung von \u201eVerfassungsfeinden\u201c an den \u201eR\u00e4ndern\u201c der Gesellschaft folgt der Logik des viel kritisierten Extremismusmodells \u2013 der fragw\u00fcrdigen Arbeitsgrundlage des VS. Dies f\u00fchrt dazu, dass Alltagsrassismus und menschenfeindliche Einstellungen in der \u201eMitte\u201c der Gesellschaft f\u00fcr den VS keine Rolle spielen. Wer ihrer Ansicht nach als Gefahr f\u00fcr die Demokratie gilt und wer nicht, vermittelt die Beh\u00f6rde zudem immer h\u00e4ufiger im Rahmen von Bildungsangeboten \u2013 und greift so als politischer Akteur in den gesellschaftlichen Diskurs ein.<\/p>\n<p>Im Kern bleibt der VS ein Geheimdienst und entzieht sich dadurch einer wirksamen demokratischen Kontrolle. Unter diesen Umst\u00e4nden ist der n\u00e4chste gro\u00dfe VS-Skandal nur eine Frage der Zeit. Ein Blick zur\u00fcck zeigt: Das Handeln des VS schadet der Demokratie mehr als es ihr n\u00fctzt. Zeit, ihn abzuschaffen.<\/p>\n<p>Die Ausstellung zeigt auf, dass es sich bei den Skandalen des VS nicht um Einzelf\u00e4lle handelt, sondern dass sein systematisches Versagen in seiner Geschichte, ideologischen Ausrichtung und undemokratischen Arbeitsweise angelegt ist. Mit Hintergrundinformationen und Beispielen wird die Entstehung und Entwicklung des VS als politische Beh\u00f6rde, seine Verstrickungen in den NSU-Komplex sowie die lange<br \/>\nSkandalgeschichte des Geheimdienstes dargestellt, die ihn im Gesamtbild selbst als Gefahr f\u00fcr die Demokratie erscheinen lassen.<\/p>\n<p><img loading=\"lazy\" decoding=\"async\" width=\"409\" height=\"53\" class=\"alignnone size-full wp-image-203\" style=\"float: right;margin-left: 2mm\" src=\"https:\/\/bawue.humanistische-union.de\/wp-content\/uploads\/sites\/3\/2021\/09\/logo-boell-sachsen.png\" alt=\"\" \/>Eine Ausstellung des Forums f\u00fcr kritische Rechtsextremismusforschung und von Weiterdenken \u2013 Heinrich-B\u00f6ll-Stiftung Sachsen e.V.<\/p>\n<h3>Organisator*innen<\/h3>\n<ul>\n<li><a href=\"https:\/\/suedbaden.dgb.de\/\">DGB Stadtverband Freiburg<\/a><\/li>\n<li><a href=\"https:\/\/bawue.humanistische-union.de\/\">Humanistische Union Baden-W\u00fcrttemberg<\/a><\/li>\n<li><a href=\"https:\/\/freiburg.vvn-bda.de\/\">VVN-BdA Freiburg (Vereinigung der Verfolgten des Naziregimes \u2013 Bund der Antifaschisten)<\/a><\/li>\n<li><a href=\"http:\/\/akj-freiburg.de\/\">Arbeitskreis kritischer Jurist*innen Freiburg<\/a><\/li>\n<\/ul>\n<h3>Unterst&uuml;tzer*innen<\/h3>\n<ul>\n<li><a href=\"https:\/\/bw.rosalux.de\/\">Rosa-Luxemburg-Stiftung Baden-W\u00fcrttemberg<\/a><\/li>\n<li><a href=\"http:\/\/berufsverbote.de\/\">Initiative 50 Jahre Radikalenerlass<\/a><\/li>\n<li><a href=\"https:\/\/suedbadenschwarzwald.verdi.de\/\">ver.di Freiburg<\/a><\/li>\n<li><a href=\"https:\/\/www.gew-bw.de\/freiburg\/\">Gewerkschaft Erziehung und Wissen Freiburg<\/a><\/li>\n<li><a href=\"http:\/\/www.linke-liste-freiburg.de\/\">Linke Liste Freiburg \u2013 Solidarische Stadt<\/a><\/li>\n<\/ul>\n","protected":false},"featured_media":0,"template":"","categories":[],"tags":[],"autoren":[],"class_list":["post-186","presse","type-presse","status-publish","hentry"],"acf":[],"yoast_head":"<!-- This site is optimized with the Yoast SEO plugin v28.3 - https:\/\/yoast.com\/product\/yoast-seo-wordpress\/ -->\n<title>Verfassungsschutz \u2013 Fremdk\u00f6rper in der Demokratie - HU Baden-W\u00fcrttemberg<\/title>\n<meta name=\"robots\" content=\"index, follow, max-snippet:-1, max-image-preview:large, max-video-preview:-1\" \/>\n<link rel=\"canonical\" href=\"https:\/\/bawue.humanistische-union.de\/pressemeldungen\/aktionswoche-verfassungsschutz\/\" \/>\n<meta property=\"og:locale\" content=\"de_DE\" \/>\n<meta property=\"og:type\" content=\"article\" \/>\n<meta property=\"og:title\" content=\"Verfassungsschutz \u2013 Fremdk\u00f6rper in der Demokratie - HU Baden-W\u00fcrttemberg\" \/>\n<meta property=\"og:description\" content=\"Vom 3. bis zum 8. Oktober zeigen wir in Freiburg die Ausstellung \u201eVersagen mit System\u201c, die sich mit der Geschichte und dem Wirken des Verfassungsschutzes befasst. Als Rahmenprogramm finden zwischen dem 20. September und dem 8. Oktober f\u00fcnf Veranstaltungen statt, die verschiedene Aspekte des Themas \u201eVerfassungschutz \u2013 Fremdk\u00f6rper in der Demokratie\u201c beleuchten. Bitte beachten Sie [weiterlesen]\" \/>\n<meta property=\"og:url\" content=\"https:\/\/bawue.humanistische-union.de\/pressemeldungen\/aktionswoche-verfassungsschutz\/\" \/>\n<meta property=\"og:site_name\" content=\"HU Baden-W\u00fcrttemberg\" \/>\n<meta property=\"article:modified_time\" content=\"2021-09-24T09:05:11+00:00\" \/>\n<meta property=\"og:image\" content=\"https:\/\/bawue.humanistische-union.de\/wp-content\/uploads\/sites\/3\/2021\/09\/verfassungsschutz-ausstellung-vortraege-e1631961127462-272x450.png\" \/>\n<meta name=\"twitter:card\" content=\"summary_large_image\" \/>\n<meta name=\"twitter:label1\" content=\"Gesch\u00e4tzte Lesezeit\" \/>\n\t<meta name=\"twitter:data1\" content=\"4\u00a0Minuten\" \/>\n<script type=\"application\/ld+json\" class=\"yoast-schema-graph\">{\"@context\":\"https:\\\/\\\/schema.org\",\"@graph\":[{\"@type\":\"WebPage\",\"@id\":\"https:\\\/\\\/bawue.humanistische-union.de\\\/pressemeldungen\\\/aktionswoche-verfassungsschutz\\\/\",\"url\":\"https:\\\/\\\/bawue.humanistische-union.de\\\/pressemeldungen\\\/aktionswoche-verfassungsschutz\\\/\",\"name\":\"Verfassungsschutz \u2013 Fremdk\u00f6rper in der Demokratie - HU Baden-W\u00fcrttemberg\",\"isPartOf\":{\"@id\":\"https:\\\/\\\/bawue.humanistische-union.de\\\/#website\"},\"primaryImageOfPage\":{\"@id\":\"https:\\\/\\\/bawue.humanistische-union.de\\\/pressemeldungen\\\/aktionswoche-verfassungsschutz\\\/#primaryimage\"},\"image\":{\"@id\":\"https:\\\/\\\/bawue.humanistische-union.de\\\/pressemeldungen\\\/aktionswoche-verfassungsschutz\\\/#primaryimage\"},\"thumbnailUrl\":\"https:\\\/\\\/bawue.humanistische-union.de\\\/wp-content\\\/uploads\\\/sites\\\/3\\\/2021\\\/09\\\/verfassungsschutz-ausstellung-vortraege-e1631961127462-272x450.png\",\"datePublished\":\"2021-09-18T10:29:43+00:00\",\"dateModified\":\"2021-09-24T09:05:11+00:00\",\"breadcrumb\":{\"@id\":\"https:\\\/\\\/bawue.humanistische-union.de\\\/pressemeldungen\\\/aktionswoche-verfassungsschutz\\\/#breadcrumb\"},\"inLanguage\":\"de\",\"potentialAction\":[{\"@type\":\"ReadAction\",\"target\":[\"https:\\\/\\\/bawue.humanistische-union.de\\\/pressemeldungen\\\/aktionswoche-verfassungsschutz\\\/\"]}]},{\"@type\":\"ImageObject\",\"inLanguage\":\"de\",\"@id\":\"https:\\\/\\\/bawue.humanistische-union.de\\\/pressemeldungen\\\/aktionswoche-verfassungsschutz\\\/#primaryimage\",\"url\":\"https:\\\/\\\/bawue.humanistische-union.de\\\/wp-content\\\/uploads\\\/sites\\\/3\\\/2021\\\/09\\\/verfassungsschutz-ausstellung-vortraege-e1631961127462-272x450.png\",\"contentUrl\":\"https:\\\/\\\/bawue.humanistische-union.de\\\/wp-content\\\/uploads\\\/sites\\\/3\\\/2021\\\/09\\\/verfassungsschutz-ausstellung-vortraege-e1631961127462-272x450.png\"},{\"@type\":\"BreadcrumbList\",\"@id\":\"https:\\\/\\\/bawue.humanistische-union.de\\\/pressemeldungen\\\/aktionswoche-verfassungsschutz\\\/#breadcrumb\",\"itemListElement\":[{\"@type\":\"ListItem\",\"position\":1,\"name\":\"Startseite\",\"item\":\"https:\\\/\\\/bawue.humanistische-union.de\\\/\"},{\"@type\":\"ListItem\",\"position\":2,\"name\":\"Pressemeldungen\",\"item\":\"https:\\\/\\\/bawue.humanistische-union.de\\\/pressemeldungen\\\/\"},{\"@type\":\"ListItem\",\"position\":3,\"name\":\"Verfassungsschutz \u2013 Fremdk\u00f6rper in der Demokratie\"}]},{\"@type\":\"WebSite\",\"@id\":\"https:\\\/\\\/bawue.humanistische-union.de\\\/#website\",\"url\":\"https:\\\/\\\/bawue.humanistische-union.de\\\/\",\"name\":\"HU Baden-W\u00fcrttemberg\",\"description\":\"Eine weitere HU Network Website\",\"potentialAction\":[{\"@type\":\"SearchAction\",\"target\":{\"@type\":\"EntryPoint\",\"urlTemplate\":\"https:\\\/\\\/bawue.humanistische-union.de\\\/?s={search_term_string}\"},\"query-input\":{\"@type\":\"PropertyValueSpecification\",\"valueRequired\":true,\"valueName\":\"search_term_string\"}}],\"inLanguage\":\"de\"}]}<\/script>\n<!-- \/ Yoast SEO plugin. -->","yoast_head_json":{"title":"Verfassungsschutz \u2013 Fremdk\u00f6rper in der Demokratie - HU Baden-W\u00fcrttemberg","robots":{"index":"index","follow":"follow","max-snippet":"max-snippet:-1","max-image-preview":"max-image-preview:large","max-video-preview":"max-video-preview:-1"},"canonical":"https:\/\/bawue.humanistische-union.de\/pressemeldungen\/aktionswoche-verfassungsschutz\/","og_locale":"de_DE","og_type":"article","og_title":"Verfassungsschutz \u2013 Fremdk\u00f6rper in der Demokratie - HU Baden-W\u00fcrttemberg","og_description":"Vom 3. bis zum 8. Oktober zeigen wir in Freiburg die Ausstellung \u201eVersagen mit System\u201c, die sich mit der Geschichte und dem Wirken des Verfassungsschutzes befasst. Als Rahmenprogramm finden zwischen dem 20. September und dem 8. Oktober f\u00fcnf Veranstaltungen statt, die verschiedene Aspekte des Themas \u201eVerfassungschutz \u2013 Fremdk\u00f6rper in der Demokratie\u201c beleuchten. Bitte beachten Sie [weiterlesen]","og_url":"https:\/\/bawue.humanistische-union.de\/pressemeldungen\/aktionswoche-verfassungsschutz\/","og_site_name":"HU Baden-W\u00fcrttemberg","article_modified_time":"2021-09-24T09:05:11+00:00","og_image":[{"url":"https:\/\/bawue.humanistische-union.de\/wp-content\/uploads\/sites\/3\/2021\/09\/verfassungsschutz-ausstellung-vortraege-e1631961127462-272x450.png","type":"","width":"","height":""}],"twitter_card":"summary_large_image","twitter_misc":{"Gesch\u00e4tzte Lesezeit":"4\u00a0Minuten"},"schema":{"@context":"https:\/\/schema.org","@graph":[{"@type":"WebPage","@id":"https:\/\/bawue.humanistische-union.de\/pressemeldungen\/aktionswoche-verfassungsschutz\/","url":"https:\/\/bawue.humanistische-union.de\/pressemeldungen\/aktionswoche-verfassungsschutz\/","name":"Verfassungsschutz \u2013 Fremdk\u00f6rper in der Demokratie - HU Baden-W\u00fcrttemberg","isPartOf":{"@id":"https:\/\/bawue.humanistische-union.de\/#website"},"primaryImageOfPage":{"@id":"https:\/\/bawue.humanistische-union.de\/pressemeldungen\/aktionswoche-verfassungsschutz\/#primaryimage"},"image":{"@id":"https:\/\/bawue.humanistische-union.de\/pressemeldungen\/aktionswoche-verfassungsschutz\/#primaryimage"},"thumbnailUrl":"https:\/\/bawue.humanistische-union.de\/wp-content\/uploads\/sites\/3\/2021\/09\/verfassungsschutz-ausstellung-vortraege-e1631961127462-272x450.png","datePublished":"2021-09-18T10:29:43+00:00","dateModified":"2021-09-24T09:05:11+00:00","breadcrumb":{"@id":"https:\/\/bawue.humanistische-union.de\/pressemeldungen\/aktionswoche-verfassungsschutz\/#breadcrumb"},"inLanguage":"de","potentialAction":[{"@type":"ReadAction","target":["https:\/\/bawue.humanistische-union.de\/pressemeldungen\/aktionswoche-verfassungsschutz\/"]}]},{"@type":"ImageObject","inLanguage":"de","@id":"https:\/\/bawue.humanistische-union.de\/pressemeldungen\/aktionswoche-verfassungsschutz\/#primaryimage","url":"https:\/\/bawue.humanistische-union.de\/wp-content\/uploads\/sites\/3\/2021\/09\/verfassungsschutz-ausstellung-vortraege-e1631961127462-272x450.png","contentUrl":"https:\/\/bawue.humanistische-union.de\/wp-content\/uploads\/sites\/3\/2021\/09\/verfassungsschutz-ausstellung-vortraege-e1631961127462-272x450.png"},{"@type":"BreadcrumbList","@id":"https:\/\/bawue.humanistische-union.de\/pressemeldungen\/aktionswoche-verfassungsschutz\/#breadcrumb","itemListElement":[{"@type":"ListItem","position":1,"name":"Startseite","item":"https:\/\/bawue.humanistische-union.de\/"},{"@type":"ListItem","position":2,"name":"Pressemeldungen","item":"https:\/\/bawue.humanistische-union.de\/pressemeldungen\/"},{"@type":"ListItem","position":3,"name":"Verfassungsschutz \u2013 Fremdk\u00f6rper in der Demokratie"}]},{"@type":"WebSite","@id":"https:\/\/bawue.humanistische-union.de\/#website","url":"https:\/\/bawue.humanistische-union.de\/","name":"HU Baden-W\u00fcrttemberg","description":"Eine weitere HU Network Website","potentialAction":[{"@type":"SearchAction","target":{"@type":"EntryPoint","urlTemplate":"https:\/\/bawue.humanistische-union.de\/?s={search_term_string}"},"query-input":{"@type":"PropertyValueSpecification","valueRequired":true,"valueName":"search_term_string"}}],"inLanguage":"de"}]}},"_links":{"self":[{"href":"https:\/\/bawue.humanistische-union.de\/hu-json\/wp\/v2\/presse\/186","targetHints":{"allow":["GET"]}}],"collection":[{"href":"https:\/\/bawue.humanistische-union.de\/hu-json\/wp\/v2\/presse"}],"about":[{"href":"https:\/\/bawue.humanistische-union.de\/hu-json\/wp\/v2\/types\/presse"}],"wp:attachment":[{"href":"https:\/\/bawue.humanistische-union.de\/hu-json\/wp\/v2\/media?parent=186"}],"wp:term":[{"taxonomy":"category","embeddable":true,"href":"https:\/\/bawue.humanistische-union.de\/hu-json\/wp\/v2\/categories?post=186"},{"taxonomy":"post_tag","embeddable":true,"href":"https:\/\/bawue.humanistische-union.de\/hu-json\/wp\/v2\/tags?post=186"},{"taxonomy":"autoren","embeddable":true,"href":"https:\/\/bawue.humanistische-union.de\/hu-json\/wp\/v2\/autoren?post=186"}],"curies":[{"name":"wp","href":"https:\/\/api.w.org\/{rel}","templated":true}]}}